{"id":5790,"date":"2025-03-07T12:13:21","date_gmt":"2025-03-07T15:13:21","guid":{"rendered":"https:\/\/araripe.com.br\/?p=5790"},"modified":"2025-04-04T12:16:39","modified_gmt":"2025-04-04T15:16:39","slug":"araripe-no-congresso-internacional-da-propriedade-intelectual-da-aspi","status":"publish","type":"post","link":"https:\/\/araripe.com.br\/?p=5790","title":{"rendered":"ARARIPE no Congresso Internacional da Propriedade Intelectual da ASPI"},"content":{"rendered":"<p>A Araripe Advogados estar\u00e1 presente no Congresso Internacional da Associa\u00e7\u00e3o Paulista de Propriedade Intelectual (ASPI) 2025, que acontecer\u00e1 nos pr\u00f3ximos dias 17, 18 e 19 de mar\u00e7o, na capital paulista.<\/p>\n<p>O evento \u00e9 um dos mais relevantes no cen\u00e1rio da Propriedade Intelectual, reunindo especialistas para debater os desafios e tend\u00eancias que moldam o futuro da inova\u00e7\u00e3o e da prote\u00e7\u00e3o dos mais valiosos ativos intang\u00edveis<\/p>\n<p>Representada pela s\u00f3cia Luiza Araripe, nossa equipe acompanha de perto as transforma\u00e7\u00f5es do setor para oferecer solu\u00e7\u00f5es estrat\u00e9gicas e eficazes, sempre com foco no resultado. Nos encontramos l\u00e1!<\/p>\n","protected":false},"excerpt":{"rendered":"<p>A Araripe Advogados estar\u00e1 presente no Congresso Internacional da Associa\u00e7\u00e3o Paulista de Propriedade Intelectual (ASPI) 2025, que acontecer\u00e1 nos pr\u00f3ximos dias 17, 18 e 19 de mar\u00e7o, na capital paulista. O evento \u00e9 um dos mais relevantes no cen\u00e1rio da Propriedade Intelectual, reunindo especialistas para debater os desafios e tend\u00eancias que moldam o futuro da [&hellip;]<\/p>\n","protected":false},"author":1,"featured_media":6419,"comment_status":"open","ping_status":"open","sticky":false,"template":"","format":"standard","meta":{"_monsterinsights_skip_tracking":false,"footnotes":""},"categories":[94],"tags":[],"class_list":["post-5790","post","type-post","status-publish","format-standard","has-post-thumbnail","hentry","category-sem-categoria-es"],"yoast_head":"<!-- This site is optimized with the Yoast SEO plugin v28.3 - https:\/\/yoast.com\/product\/yoast-seo-wordpress\/ -->\n<title>ARARIPE no Congresso Internacional da Propriedade Intelectual da ASPI - Araripe<\/title>\n<meta name=\"robots\" content=\"index, follow, max-snippet:-1, max-image-preview:large, max-video-preview:-1\" \/>\n<link rel=\"canonical\" href=\"https:\/\/araripe.com.br\/?p=5790\" \/>\n<meta property=\"og:locale\" content=\"pt_BR\" \/>\n<meta property=\"og:type\" content=\"article\" \/>\n<meta property=\"og:title\" content=\"ARARIPE no Congresso Internacional da Propriedade Intelectual da ASPI - Araripe\" \/>\n<meta property=\"og:description\" content=\"A Araripe Advogados estar\u00e1 presente no Congresso Internacional da Associa\u00e7\u00e3o Paulista de Propriedade Intelectual (ASPI) 2025, que acontecer\u00e1 nos pr\u00f3ximos dias 17, 18 e 19 de mar\u00e7o, na capital paulista. O evento \u00e9 um dos mais relevantes no cen\u00e1rio da Propriedade Intelectual, reunindo especialistas para debater os desafios e tend\u00eancias que moldam o futuro da [&hellip;]\" \/>\n<meta property=\"og:url\" content=\"https:\/\/araripe.com.br\/?p=5790\" \/>\n<meta property=\"og:site_name\" content=\"Araripe\" \/>\n<meta property=\"article:published_time\" content=\"2025-03-07T15:13:21+00:00\" \/>\n<meta property=\"article:modified_time\" content=\"2025-04-04T15:16:39+00:00\" \/>\n<meta property=\"og:image\" content=\"https:\/\/araripe.com.br\/wp-content\/uploads\/2025\/03\/banner-site-7.png\" \/>\n\t<meta property=\"og:image:width\" content=\"1200\" \/>\n\t<meta property=\"og:image:height\" content=\"800\" \/>\n\t<meta property=\"og:image:type\" content=\"image\/png\" \/>\n<meta name=\"author\" content=\"admin\" \/>\n<meta name=\"twitter:card\" content=\"summary_large_image\" \/>\n<meta name=\"twitter:label1\" content=\"Escrito por\" \/>\n\t<meta name=\"twitter:data1\" content=\"admin\" \/>\n\t<meta name=\"twitter:label2\" content=\"Est. tempo de leitura\" \/>\n\t<meta name=\"twitter:data2\" content=\"1 minuto\" \/>\n<script type=\"application\/ld+json\" class=\"yoast-schema-graph\">{\"@context\":\"https:\\\/\\\/schema.org\",\"@graph\":[{\"@type\":\"Article\",\"@id\":\"https:\\\/\\\/araripe.com.br\\\/?p=5790#article\",\"isPartOf\":{\"@id\":\"https:\\\/\\\/araripe.com.br\\\/?p=5790\"},\"author\":{\"name\":\"admin\",\"@id\":\"https:\\\/\\\/araripe.com.br\\\/#\\\/schema\\\/person\\\/9d3ca0fa94e61e22ddf0a89422c84dad\"},\"headline\":\"ARARIPE no Congresso Internacional da Propriedade Intelectual da ASPI\",\"datePublished\":\"2025-03-07T15:13:21+00:00\",\"dateModified\":\"2025-04-04T15:16:39+00:00\",\"mainEntityOfPage\":{\"@id\":\"https:\\\/\\\/araripe.com.br\\\/?p=5790\"},\"wordCount\":108,\"commentCount\":0,\"image\":{\"@id\":\"https:\\\/\\\/araripe.com.br\\\/?p=5790#primaryimage\"},\"thumbnailUrl\":\"https:\\\/\\\/araripe.com.br\\\/wp-content\\\/uploads\\\/2025\\\/03\\\/banner-site-7.png\",\"inLanguage\":\"pt-BR\",\"potentialAction\":[{\"@type\":\"CommentAction\",\"name\":\"Comment\",\"target\":[\"https:\\\/\\\/araripe.com.br\\\/?p=5790#respond\"]}]},{\"@type\":\"WebPage\",\"@id\":\"https:\\\/\\\/araripe.com.br\\\/?p=5790\",\"url\":\"https:\\\/\\\/araripe.com.br\\\/?p=5790\",\"name\":\"ARARIPE no Congresso Internacional da Propriedade Intelectual da ASPI - Araripe\",\"isPartOf\":{\"@id\":\"https:\\\/\\\/araripe.com.br\\\/#website\"},\"primaryImageOfPage\":{\"@id\":\"https:\\\/\\\/araripe.com.br\\\/?p=5790#primaryimage\"},\"image\":{\"@id\":\"https:\\\/\\\/araripe.com.br\\\/?p=5790#primaryimage\"},\"thumbnailUrl\":\"https:\\\/\\\/araripe.com.br\\\/wp-content\\\/uploads\\\/2025\\\/03\\\/banner-site-7.png\",\"datePublished\":\"2025-03-07T15:13:21+00:00\",\"dateModified\":\"2025-04-04T15:16:39+00:00\",\"author\":{\"@id\":\"https:\\\/\\\/araripe.com.br\\\/#\\\/schema\\\/person\\\/9d3ca0fa94e61e22ddf0a89422c84dad\"},\"breadcrumb\":{\"@id\":\"https:\\\/\\\/araripe.com.br\\\/?p=5790#breadcrumb\"},\"inLanguage\":\"pt-BR\",\"potentialAction\":[{\"@type\":\"ReadAction\",\"target\":[\"https:\\\/\\\/araripe.com.br\\\/?p=5790\"]}]},{\"@type\":\"ImageObject\",\"inLanguage\":\"pt-BR\",\"@id\":\"https:\\\/\\\/araripe.com.br\\\/?p=5790#primaryimage\",\"url\":\"https:\\\/\\\/araripe.com.br\\\/wp-content\\\/uploads\\\/2025\\\/03\\\/banner-site-7.png\",\"contentUrl\":\"https:\\\/\\\/araripe.com.br\\\/wp-content\\\/uploads\\\/2025\\\/03\\\/banner-site-7.png\",\"width\":1200,\"height\":800},{\"@type\":\"BreadcrumbList\",\"@id\":\"https:\\\/\\\/araripe.com.br\\\/?p=5790#breadcrumb\",\"itemListElement\":[{\"@type\":\"ListItem\",\"position\":1,\"name\":\"In\u00edcio\",\"item\":\"https:\\\/\\\/araripe.com.br\\\/\"},{\"@type\":\"ListItem\",\"position\":2,\"name\":\"ARARIPE no Congresso Internacional da Propriedade Intelectual da ASPI\"}]},{\"@type\":\"WebSite\",\"@id\":\"https:\\\/\\\/araripe.com.br\\\/#website\",\"url\":\"https:\\\/\\\/araripe.com.br\\\/\",\"name\":\"Araripe\",\"description\":\"Araripe - Advogados\",\"potentialAction\":[{\"@type\":\"SearchAction\",\"target\":{\"@type\":\"EntryPoint\",\"urlTemplate\":\"https:\\\/\\\/araripe.com.br\\\/?s={search_term_string}\"},\"query-input\":{\"@type\":\"PropertyValueSpecification\",\"valueRequired\":true,\"valueName\":\"search_term_string\"}}],\"inLanguage\":\"pt-BR\"},{\"@type\":\"Person\",\"@id\":\"https:\\\/\\\/araripe.com.br\\\/#\\\/schema\\\/person\\\/9d3ca0fa94e61e22ddf0a89422c84dad\",\"name\":\"admin\",\"image\":{\"@type\":\"ImageObject\",\"inLanguage\":\"pt-BR\",\"@id\":\"https:\\\/\\\/secure.gravatar.com\\\/avatar\\\/38aa66fb0bd407be273a35ffc1c48451f2bfbed05942e61eca197ecbbbf89301?s=96&d=mm&r=g\",\"url\":\"https:\\\/\\\/secure.gravatar.com\\\/avatar\\\/38aa66fb0bd407be273a35ffc1c48451f2bfbed05942e61eca197ecbbbf89301?s=96&d=mm&r=g\",\"contentUrl\":\"https:\\\/\\\/secure.gravatar.com\\\/avatar\\\/38aa66fb0bd407be273a35ffc1c48451f2bfbed05942e61eca197ecbbbf89301?s=96&d=mm&r=g\",\"caption\":\"admin\"},\"sameAs\":[\"https:\\\/\\\/araripe.com.br\"],\"url\":\"https:\\\/\\\/araripe.com.br\\\/?author=1\"}]}<\/script>\n<!-- \/ Yoast SEO plugin. -->","yoast_head_json":{"title":"ARARIPE no Congresso Internacional da Propriedade Intelectual da ASPI - Araripe","robots":{"index":"index","follow":"follow","max-snippet":"max-snippet:-1","max-image-preview":"max-image-preview:large","max-video-preview":"max-video-preview:-1"},"canonical":"https:\/\/araripe.com.br\/?p=5790","og_locale":"pt_BR","og_type":"article","og_title":"ARARIPE no Congresso Internacional da Propriedade Intelectual da ASPI - Araripe","og_description":"A Araripe Advogados estar\u00e1 presente no Congresso Internacional da Associa\u00e7\u00e3o Paulista de Propriedade Intelectual (ASPI) 2025, que acontecer\u00e1 nos pr\u00f3ximos dias 17, 18 e 19 de mar\u00e7o, na capital paulista. O evento \u00e9 um dos mais relevantes no cen\u00e1rio da Propriedade Intelectual, reunindo especialistas para debater os desafios e tend\u00eancias que moldam o futuro da [&hellip;]","og_url":"https:\/\/araripe.com.br\/?p=5790","og_site_name":"Araripe","article_published_time":"2025-03-07T15:13:21+00:00","article_modified_time":"2025-04-04T15:16:39+00:00","og_image":[{"width":1200,"height":800,"url":"https:\/\/araripe.com.br\/wp-content\/uploads\/2025\/03\/banner-site-7.png","type":"image\/png"}],"author":"admin","twitter_card":"summary_large_image","twitter_misc":{"Escrito por":"admin","Est. tempo de leitura":"1 minuto"},"schema":{"@context":"https:\/\/schema.org","@graph":[{"@type":"Article","@id":"https:\/\/araripe.com.br\/?p=5790#article","isPartOf":{"@id":"https:\/\/araripe.com.br\/?p=5790"},"author":{"name":"admin","@id":"https:\/\/araripe.com.br\/#\/schema\/person\/9d3ca0fa94e61e22ddf0a89422c84dad"},"headline":"ARARIPE no Congresso Internacional da Propriedade Intelectual da ASPI","datePublished":"2025-03-07T15:13:21+00:00","dateModified":"2025-04-04T15:16:39+00:00","mainEntityOfPage":{"@id":"https:\/\/araripe.com.br\/?p=5790"},"wordCount":108,"commentCount":0,"image":{"@id":"https:\/\/araripe.com.br\/?p=5790#primaryimage"},"thumbnailUrl":"https:\/\/araripe.com.br\/wp-content\/uploads\/2025\/03\/banner-site-7.png","inLanguage":"pt-BR","potentialAction":[{"@type":"CommentAction","name":"Comment","target":["https:\/\/araripe.com.br\/?p=5790#respond"]}]},{"@type":"WebPage","@id":"https:\/\/araripe.com.br\/?p=5790","url":"https:\/\/araripe.com.br\/?p=5790","name":"ARARIPE no Congresso Internacional da Propriedade Intelectual da ASPI - Araripe","isPartOf":{"@id":"https:\/\/araripe.com.br\/#website"},"primaryImageOfPage":{"@id":"https:\/\/araripe.com.br\/?p=5790#primaryimage"},"image":{"@id":"https:\/\/araripe.com.br\/?p=5790#primaryimage"},"thumbnailUrl":"https:\/\/araripe.com.br\/wp-content\/uploads\/2025\/03\/banner-site-7.png","datePublished":"2025-03-07T15:13:21+00:00","dateModified":"2025-04-04T15:16:39+00:00","author":{"@id":"https:\/\/araripe.com.br\/#\/schema\/person\/9d3ca0fa94e61e22ddf0a89422c84dad"},"breadcrumb":{"@id":"https:\/\/araripe.com.br\/?p=5790#breadcrumb"},"inLanguage":"pt-BR","potentialAction":[{"@type":"ReadAction","target":["https:\/\/araripe.com.br\/?p=5790"]}]},{"@type":"ImageObject","inLanguage":"pt-BR","@id":"https:\/\/araripe.com.br\/?p=5790#primaryimage","url":"https:\/\/araripe.com.br\/wp-content\/uploads\/2025\/03\/banner-site-7.png","contentUrl":"https:\/\/araripe.com.br\/wp-content\/uploads\/2025\/03\/banner-site-7.png","width":1200,"height":800},{"@type":"BreadcrumbList","@id":"https:\/\/araripe.com.br\/?p=5790#breadcrumb","itemListElement":[{"@type":"ListItem","position":1,"name":"In\u00edcio","item":"https:\/\/araripe.com.br\/"},{"@type":"ListItem","position":2,"name":"ARARIPE no Congresso Internacional da Propriedade Intelectual da ASPI"}]},{"@type":"WebSite","@id":"https:\/\/araripe.com.br\/#website","url":"https:\/\/araripe.com.br\/","name":"Araripe","description":"Araripe - Advogados","potentialAction":[{"@type":"SearchAction","target":{"@type":"EntryPoint","urlTemplate":"https:\/\/araripe.com.br\/?s={search_term_string}"},"query-input":{"@type":"PropertyValueSpecification","valueRequired":true,"valueName":"search_term_string"}}],"inLanguage":"pt-BR"},{"@type":"Person","@id":"https:\/\/araripe.com.br\/#\/schema\/person\/9d3ca0fa94e61e22ddf0a89422c84dad","name":"admin","image":{"@type":"ImageObject","inLanguage":"pt-BR","@id":"https:\/\/secure.gravatar.com\/avatar\/38aa66fb0bd407be273a35ffc1c48451f2bfbed05942e61eca197ecbbbf89301?s=96&d=mm&r=g","url":"https:\/\/secure.gravatar.com\/avatar\/38aa66fb0bd407be273a35ffc1c48451f2bfbed05942e61eca197ecbbbf89301?s=96&d=mm&r=g","contentUrl":"https:\/\/secure.gravatar.com\/avatar\/38aa66fb0bd407be273a35ffc1c48451f2bfbed05942e61eca197ecbbbf89301?s=96&d=mm&r=g","caption":"admin"},"sameAs":["https:\/\/araripe.com.br"],"url":"https:\/\/araripe.com.br\/?author=1"}]}},"_links":{"self":[{"href":"https:\/\/araripe.com.br\/index.php?rest_route=\/wp\/v2\/posts\/5790","targetHints":{"allow":["GET"]}}],"collection":[{"href":"https:\/\/araripe.com.br\/index.php?rest_route=\/wp\/v2\/posts"}],"about":[{"href":"https:\/\/araripe.com.br\/index.php?rest_route=\/wp\/v2\/types\/post"}],"author":[{"embeddable":true,"href":"https:\/\/araripe.com.br\/index.php?rest_route=\/wp\/v2\/users\/1"}],"replies":[{"embeddable":true,"href":"https:\/\/araripe.com.br\/index.php?rest_route=%2Fwp%2Fv2%2Fcomments&post=5790"}],"version-history":[{"count":0,"href":"https:\/\/araripe.com.br\/index.php?rest_route=\/wp\/v2\/posts\/5790\/revisions"}],"wp:featuredmedia":[{"embeddable":true,"href":"https:\/\/araripe.com.br\/index.php?rest_route=\/wp\/v2\/media\/6419"}],"wp:attachment":[{"href":"https:\/\/araripe.com.br\/index.php?rest_route=%2Fwp%2Fv2%2Fmedia&parent=5790"}],"wp:term":[{"taxonomy":"category","embeddable":true,"href":"https:\/\/araripe.com.br\/index.php?rest_route=%2Fwp%2Fv2%2Fcategories&post=5790"},{"taxonomy":"post_tag","embeddable":true,"href":"https:\/\/araripe.com.br\/index.php?rest_route=%2Fwp%2Fv2%2Ftags&post=5790"}],"curies":[{"name":"wp","href":"https:\/\/api.w.org\/{rel}","templated":true}]}}