{"id":2464,"date":"2021-09-01T14:29:43","date_gmt":"2021-09-01T17:29:43","guid":{"rendered":"https:\/\/araripe.com.br\/?p=2464"},"modified":"2025-02-18T11:11:16","modified_gmt":"2025-02-18T14:11:16","slug":"registro-de-marcas-contendo-os-termos-coronavirus-covid","status":"publish","type":"post","link":"https:\/\/araripe.com.br\/?p=2464","title":{"rendered":"Registro de Marcas com &#8220;CORONAVIRUS\/COVID&#8221;"},"content":{"rendered":"\r\n<p class=\"wp-block-paragraph\"><span style=\"color: #103054;\">O primeiro caso do novo coronav\u00edrus no Brasil foi confirmado em 26 de fevereiro de 2020, em S\u00e3o Paulo <a style=\"color: #103054;\" href=\"#_ftn1\" name=\"_ftnref1\">[1]<\/a> e, desde ent\u00e3o, nosso pa\u00eds teve que se readaptar ao chamado por muitos como \u201cnovo normal\u201d.<\/span><\/p>\r\n<p><span style=\"color: #103054;\">Diante desse novo panorama mundial, novas necessidades e h\u00e1bitos de consumo foram incorporados, fazendo com que muitos empreendedores se deparassem com desafios, exigindo novas estrat\u00e9gias de gest\u00e3o empresarial, sobretudo com rela\u00e7\u00e3o \u00e0 publicidade e vendas por meios digitais.<\/span><\/p>\r\n<p><span style=\"color: #103054;\">Nesse contexto, o registro de marca mostrou ser ainda mais importante, considerando que a Internet e as redes sociais passaram a ser o principal meio de divulga\u00e7\u00e3o e comercializa\u00e7\u00e3o de produtos e servi\u00e7os. Segundo estudo realizado pela Ebit\/Nielsen, as vendas online ganharam 13 milh\u00f5es de novos consumidores no Brasil em 2020, representando a maior alta no setor em 13 anos<a style=\"color: #103054;\" href=\"#_ftn2\" name=\"_ftnref2\">[2]<\/a>.<\/span><\/p>\r\n<p><span style=\"color: #103054;\">Esse movimento refletiu, de forma direta, nos n\u00fameros do Instituto Nacional de Propriedade Industrial \u2013 INPI, autarquia federal respons\u00e1vel pelos registros de marca, que recebeu, em 2020, volume significativamente maior de pedidos de registro de marca, \u00a0conforme dados divulgados pelo SEBRAE:<\/span><\/p>\r\n<blockquote>\r\n<p><span style=\"color: #808080;\">\u00a0\u201c[&#8230;] <em>as micro e pequenas empresas tiveram, em 2020, um crescimento de 19% do n\u00famero de pedidos de marcas junto ao Instituto Nacional da Propriedade Industrial (INPI). Em 2019, foram feitos ao Instituto 254 mil pedidos. Desse universo, cerca de 106 mil eram de microempreendedores individuais (MEI), micro e pequenas empresas. Em 2020, o Instituto teve 275 mil pedidos de marcas, sendo 126 mil feitos por pequenos neg\u00f3cios.\u201d<a style=\"color: #808080;\" href=\"#_ftn3\" name=\"_ftnref3\"><strong>[3]<\/strong><\/a><\/em><\/span><\/p>\r\n<\/blockquote>\r\n<p><span style=\"color: #000000;\"><span style=\"color: #103054;\">Assim, devido \u00e0 magnitude da pandemia de 2020, n\u00e3o \u00e9 de se espantar que a palavra mais buscada no google neste ano tenha sido \u201c<strong>coronav\u00edrus<\/strong>\u201d<a style=\"color: #103054;\" href=\"#_ftn4\" name=\"_ftnref4\">[4]<\/a> e \u00e9 natural que, a partir disso, surjam interesses comerciais acerca da possibilidade de explorar o uso dos termos <strong>coronav\u00edrus<\/strong> e <b>COVID<\/b>\u00a0como marca identificadora de produtos ou servi\u00e7os.<\/span><\/span><\/p>\r\n<p><span style=\"color: #103054;\">Com o objetivo de analisar os impactos da pandemia junto ao INPI e de levantar quest\u00f5es jur\u00eddicas sobre o tema dentro do direito marc\u00e1rio, realizamos uma pesquisa na base de dados do INPI, pelos termos <strong>COVID \/ CORONAVIRUS<\/strong>.\u00a0<\/span><\/p>\r\n<p><span style=\"color: #103054;\">Foi assim que verificamos que, entre mar\u00e7o de 2020 e maio de 2021, foram requeridos, junto ao INPI, 82 (oitenta e dois) pedidos de registro de marca compostos pelos termos <strong>CORONAVIRUS<\/strong> e <strong>COVID, <\/strong>visando proteger produtos e servi\u00e7os em segmentos de mercado diversos. Tais requerimentos trazem \u00e0 baila quest\u00f5es interessantes, principalmente acerca da possibilidade de determinado titular obter o direito de uso exclusivo dos referidos sinais, para identificar produto ou servi\u00e7o, desde que fora no segmento de sa\u00fade.<\/span><\/p>\r\n<p><span style=\"color: #103054;\">No passado, o INPI concedeu registros compostos por nomes de doen\u00e7as, tais como <strong>CATAPORA<\/strong>, para identificar servi\u00e7os de publicidade<a style=\"color: #103054;\" href=\"#_ftn5\" name=\"_ftnref5\">[5]<\/a> e entretenimento<a style=\"color: #103054;\" href=\"#_ftn6\" name=\"_ftnref6\">[6]<\/a>, bem como deferiu pedido de registro para a marca <strong>CATAPORA<\/strong> para assinalar artigos do vestu\u00e1rio<a style=\"color: #103054;\" href=\"#_ftn7\" name=\"_ftnref7\">[7]<\/a>. Contudo, trata-se de decis\u00f5es antigas.<\/span><\/p>\r\n<p><span style=\"color: #103054;\">Decis\u00f5es mais recentes, proferidas nos \u00faltimos 24 meses, revelam que o primeiro pedido de registro<a style=\"color: #103054;\" href=\"#_ftn8\" name=\"_ftnref8\">[8]<\/a> para a marca <strong>CORONAV\u00cdRUS, <\/strong>no Brasil, foi depositado em 02\/03\/2020, para identificar o com\u00e9rcio, dentre outros, de \u201c<em>Prepara\u00e7\u00f5es qu\u00edmicas e farmac\u00eauticas\u201d<\/em>. O referido pedido teve seu indeferimento publicado em 06\/10\/2020, com base na proibi\u00e7\u00e3o prevista no inciso VI, do artigo 124, da Lei de Propriedade Industrial &#8211; LPI \u2013 <em>marca constitu\u00edda por express\u00e3o descritiva, sem suficiente forma distintiva<\/em> \u2013, bem como na preexist\u00eancia do registro n\u00b0 901655678, referente \u00e0 marca <strong>CORONA<\/strong> (concedido em 04\/12\/2012), para identificar \u201c<em>Subst\u00e2ncias qu\u00edmicas, materiais t\u00eaxteis e resinas artificiais\u201d<\/em>.<\/span><\/p>\r\n<p><span style=\"color: #103054;\">Desde ent\u00e3o, o INPI proferiu outras decis\u00f5es concedendo registros para marcas compostas pelo termo <strong>COVID,<\/strong> em conjunto com outros termos, para identificar tratamentos, associa\u00e7\u00f5es de combate, aplicativos e, at\u00e9 mesmo, tapetes antiderrapantes.<\/span><\/p>\r\n<p><span style=\"color: #103054;\">Em abril de 2021<a style=\"color: #103054;\" href=\"#_ftn9\" name=\"_ftnref9\">[9]<\/a>, o INPI concedeu um registro para a marca <strong>COVID<\/strong>, para identificar bebidas n\u00e3o alco\u00f3licas, sob o entendimento de que marcas compostas pelo referido termo, por si s\u00f3, n\u00e3o infringem o inciso III, do art. 124, da LPI.<\/span><\/p>\r\n<blockquote>\r\n<p><span style=\"color: #808080;\">\u00a0\u201c<em>Art. 124. N\u00e3o s\u00e3o registr\u00e1veis como marca:<\/em><\/span><\/p>\r\n<p><span style=\"color: #808080;\"><em>(&#8230;) <\/em><\/span><\/p>\r\n<p><span style=\"color: #808080;\"><em>III &#8211; express\u00e3o, figura, desenho ou qualquer outro sinal contr\u00e1rio \u00e0 moral e aos bons costumes ou que ofenda a honra ou imagem de pessoas ou atente contra liberdade de consci\u00eancia, cren\u00e7a, culto religioso ou id\u00e9ia e sentimento dignos de respeito e venera\u00e7\u00e3o;\u201d<\/em><\/span><\/p>\r\n<\/blockquote>\r\n<p><span style=\"color: #000000;\"><span style=\"color: #103054;\">O INPI refor\u00e7ou, ainda, a necessidade de o examinador verificar a distintividade<a style=\"color: #103054;\" href=\"#_ftn10\" name=\"_ftnref10\">[10]<\/a>, veracidade<a style=\"color: #103054;\" href=\"#_ftn11\" name=\"_ftnref11\">[11]<\/a>, legitimidade e a conota\u00e7\u00e3o que o termo assume quando aplicado \u00e0queles produtos e servi\u00e7os que a marca pretende identificar. Destacou, em seguida, que o sinal n\u00e3o dever\u00e1 atentar contra ideias ou sentimentos dignos de respeito e venera\u00e7\u00e3o.<\/span><\/span><\/p>\r\n<p><span style=\"color: #103054;\"><em>\u00a0\u201cSinais contendo o termo \u201cCOVID\u201d n\u00e3o constituem por si s\u00f3s infring\u00eancia ao inciso III do art. 124 da LPI. Na an\u00e1lise da aplica\u00e7\u00e3o do referido inciso, \u00e9 necess\u00e1rio verificar a conota\u00e7\u00e3o que o termo \u201cCOVID\u201d assume quando aplicado a certos produtos ou servi\u00e7os para averiguar se o sinal atenta contra ideias ou sentimentos dignos de respeito e venera\u00e7\u00e3o. <\/em><\/span><\/p>\r\n<p><span style=\"color: #103054;\"><em>Ademais, a registrabilidade do sinal dever\u00e1 ser analisada \u00e0 luz dos demais requisitos legais, como, por exemplo, distintividade, veracidade ou legitimidade do requerente. Em especial, dever\u00e1 ser avaliada a poss\u00edvel aplica\u00e7\u00e3o do inciso VI e do inciso X do art. 124 da LPI considerando potencial car\u00e1ter descritivo ou enganoso em rela\u00e7\u00e3o aos produtos ou servi\u00e7os assinalados.\u201d<a style=\"color: #103054;\" href=\"#_ftn12\" name=\"_ftnref12\"><strong>[12]<\/strong><\/a><\/em><\/span><\/p>\r\n<p><span style=\"color: #103054;\">\u00a0\u00a0\u00a0\u00a0\u00a0\u00a0\u00a0\u00a0\u00a0\u00a0\u00a0 Por outro lado, a autarquia federal indeferiu pedido de registro<a style=\"color: #103054;\" href=\"#_ftn13\" name=\"_ftnref13\">[13]<\/a> para a marca <strong>ANTICOVID-19<\/strong> para identificar <em>\u201cConfec\u00e7\u00e3o de roupas\u201d<\/em>, com base no inciso X, do art. 124, da LPI, sob o entendimento de tratar-se de marca constitu\u00edda por falsa indica\u00e7\u00e3o de utilidade\/qualidade<a style=\"color: #103054;\" href=\"#_ftn14\" name=\"_ftnref14\">[14]<\/a>.<\/span><\/p>\r\n<blockquote>\r\n<p><span style=\"color: #808080;\"><em>\u00a0\u201cArt. 124. N\u00e3o s\u00e3o registr\u00e1veis como marca:<\/em><\/span><\/p>\r\n<p><span style=\"color: #808080;\"><em>(&#8230;)<\/em><\/span><\/p>\r\n<p><span style=\"color: #808080;\"><em>\u00a0X &#8211; sinal que induza a falsa indica\u00e7\u00e3o quanto \u00e0 origem, proced\u00eancia, natureza, qualidade ou utilidade do produto ou servi\u00e7o a que a marca se destina;\u201d<\/em><\/span><\/p>\r\n<\/blockquote>\r\n<p><span style=\"color: #000000;\"><span style=\"color: #103054;\">Assim, o que vai determinar o deferimento ou n\u00e3o de um pedido de registro de marca contendo os sinais <strong>COVID<\/strong> ou <strong>CORONAV\u00cdRUS<\/strong> est\u00e1 diretamente relacionado aos produtos ou servi\u00e7os a serem identificados pelas marcas, em associa\u00e7\u00e3o \u00e0 an\u00e1lise de eventual infra\u00e7\u00e3o ao disposto nos incisos III, VI, X e XIX, do art. 124, da LPI.<\/span><\/span><\/p>\r\n<p><span style=\"color: #103054;\">\u00a0\u00a0\u00a0\u00a0\u00a0\u00a0\u00a0\u00a0\u00a0\u00a0\u00a0 Para tanto, \u00e9 altamente recomend\u00e1vel que, antes de seguir com o dep\u00f3sito de um pedido de registro de marca contendo tais express\u00f5es, seja realizada uma busca de anterioridades do sinal.<\/span><br \/><br \/><\/p>\r\n<p>&nbsp;<\/p>\r\n<p><strong>Para saber mais acerca da import\u00e2ncia da realiza\u00e7\u00e3o da Busca de Anterioridades para o registro da marca, <a href=\"http:\/\/manualdemarcas.inpi.gov.br\/projects\/manual\/ wiki\/05_Exame_substantivo#510-An%C3%A1lise-do-requisito-da-veracidade-do-sinal-marc%C3%A1rio.\"><u>clique aqui.<\/u><\/a><\/strong><\/p>\r\n","protected":false},"excerpt":{"rendered":"<p>O primeiro caso do novo coronav\u00edrus no Brasil foi confirmado em 26 de fevereiro de 2020, em S\u00e3o Paulo [1] e, desde ent\u00e3o, nosso pa\u00eds teve que se readaptar ao chamado por muitos como \u201cnovo normal\u201d. Diante desse novo panorama mundial, novas necessidades e h\u00e1bitos de consumo foram incorporados, fazendo com que muitos empreendedores se [&hellip;]<\/p>\n","protected":false},"author":1,"featured_media":2494,"comment_status":"closed","ping_status":"open","sticky":false,"template":"","format":"standard","meta":{"_monsterinsights_skip_tracking":false,"footnotes":""},"categories":[18],"tags":[],"class_list":["post-2464","post","type-post","status-publish","format-standard","has-post-thumbnail","hentry","category-marca"],"yoast_head":"<!-- This site is optimized with the Yoast SEO plugin v28.3 - https:\/\/yoast.com\/product\/yoast-seo-wordpress\/ -->\n<title>Registro de Marcas com &quot;CORONAVIRUS\/COVID&quot; - Araripe<\/title>\n<meta name=\"robots\" content=\"index, follow, max-snippet:-1, max-image-preview:large, max-video-preview:-1\" \/>\n<link rel=\"canonical\" href=\"https:\/\/araripe.com.br\/?p=2464\" \/>\n<meta property=\"og:locale\" content=\"pt_BR\" \/>\n<meta property=\"og:type\" content=\"article\" \/>\n<meta property=\"og:title\" content=\"Registro de Marcas com &quot;CORONAVIRUS\/COVID&quot; - Araripe\" \/>\n<meta property=\"og:description\" content=\"O primeiro caso do novo coronav\u00edrus no Brasil foi confirmado em 26 de fevereiro de 2020, em S\u00e3o Paulo [1] e, desde ent\u00e3o, nosso pa\u00eds teve que se readaptar ao chamado por muitos como \u201cnovo normal\u201d. Diante desse novo panorama mundial, novas necessidades e h\u00e1bitos de consumo foram incorporados, fazendo com que muitos empreendedores se [&hellip;]\" \/>\n<meta property=\"og:url\" content=\"https:\/\/araripe.com.br\/?p=2464\" \/>\n<meta property=\"og:site_name\" content=\"Araripe\" \/>\n<meta property=\"article:published_time\" content=\"2021-09-01T17:29:43+00:00\" \/>\n<meta property=\"article:modified_time\" content=\"2025-02-18T14:11:16+00:00\" \/>\n<meta property=\"og:image\" content=\"https:\/\/araripe.com.br\/wp-content\/uploads\/2021\/09\/banner-registro.jpeg\" \/>\n\t<meta property=\"og:image:width\" content=\"1920\" \/>\n\t<meta property=\"og:image:height\" content=\"1080\" \/>\n\t<meta property=\"og:image:type\" content=\"image\/jpeg\" \/>\n<meta name=\"author\" content=\"admin\" \/>\n<meta name=\"twitter:card\" content=\"summary_large_image\" \/>\n<meta name=\"twitter:label1\" content=\"Escrito por\" \/>\n\t<meta name=\"twitter:data1\" content=\"admin\" \/>\n\t<meta name=\"twitter:label2\" content=\"Est. tempo de leitura\" \/>\n\t<meta name=\"twitter:data2\" content=\"6 minutos\" \/>\n<script type=\"application\/ld+json\" class=\"yoast-schema-graph\">{\"@context\":\"https:\\\/\\\/schema.org\",\"@graph\":[{\"@type\":\"Article\",\"@id\":\"https:\\\/\\\/araripe.com.br\\\/?p=2464#article\",\"isPartOf\":{\"@id\":\"https:\\\/\\\/araripe.com.br\\\/?p=2464\"},\"author\":{\"name\":\"admin\",\"@id\":\"https:\\\/\\\/araripe.com.br\\\/#\\\/schema\\\/person\\\/9d3ca0fa94e61e22ddf0a89422c84dad\"},\"headline\":\"Registro de Marcas com &#8220;CORONAVIRUS\\\/COVID&#8221;\",\"datePublished\":\"2021-09-01T17:29:43+00:00\",\"dateModified\":\"2025-02-18T14:11:16+00:00\",\"mainEntityOfPage\":{\"@id\":\"https:\\\/\\\/araripe.com.br\\\/?p=2464\"},\"wordCount\":1076,\"image\":{\"@id\":\"https:\\\/\\\/araripe.com.br\\\/?p=2464#primaryimage\"},\"thumbnailUrl\":\"https:\\\/\\\/araripe.com.br\\\/wp-content\\\/uploads\\\/2021\\\/09\\\/banner-registro.jpeg\",\"articleSection\":[\"Marca\"],\"inLanguage\":\"pt-BR\"},{\"@type\":\"WebPage\",\"@id\":\"https:\\\/\\\/araripe.com.br\\\/?p=2464\",\"url\":\"https:\\\/\\\/araripe.com.br\\\/?p=2464\",\"name\":\"Registro de Marcas com \\\"CORONAVIRUS\\\/COVID\\\" - Araripe\",\"isPartOf\":{\"@id\":\"https:\\\/\\\/araripe.com.br\\\/#website\"},\"primaryImageOfPage\":{\"@id\":\"https:\\\/\\\/araripe.com.br\\\/?p=2464#primaryimage\"},\"image\":{\"@id\":\"https:\\\/\\\/araripe.com.br\\\/?p=2464#primaryimage\"},\"thumbnailUrl\":\"https:\\\/\\\/araripe.com.br\\\/wp-content\\\/uploads\\\/2021\\\/09\\\/banner-registro.jpeg\",\"datePublished\":\"2021-09-01T17:29:43+00:00\",\"dateModified\":\"2025-02-18T14:11:16+00:00\",\"author\":{\"@id\":\"https:\\\/\\\/araripe.com.br\\\/#\\\/schema\\\/person\\\/9d3ca0fa94e61e22ddf0a89422c84dad\"},\"breadcrumb\":{\"@id\":\"https:\\\/\\\/araripe.com.br\\\/?p=2464#breadcrumb\"},\"inLanguage\":\"pt-BR\",\"potentialAction\":[{\"@type\":\"ReadAction\",\"target\":[\"https:\\\/\\\/araripe.com.br\\\/?p=2464\"]}]},{\"@type\":\"ImageObject\",\"inLanguage\":\"pt-BR\",\"@id\":\"https:\\\/\\\/araripe.com.br\\\/?p=2464#primaryimage\",\"url\":\"https:\\\/\\\/araripe.com.br\\\/wp-content\\\/uploads\\\/2021\\\/09\\\/banner-registro.jpeg\",\"contentUrl\":\"https:\\\/\\\/araripe.com.br\\\/wp-content\\\/uploads\\\/2021\\\/09\\\/banner-registro.jpeg\",\"width\":1920,\"height\":1080},{\"@type\":\"BreadcrumbList\",\"@id\":\"https:\\\/\\\/araripe.com.br\\\/?p=2464#breadcrumb\",\"itemListElement\":[{\"@type\":\"ListItem\",\"position\":1,\"name\":\"In\u00edcio\",\"item\":\"https:\\\/\\\/araripe.com.br\\\/\"},{\"@type\":\"ListItem\",\"position\":2,\"name\":\"Registro de Marcas com &#8220;CORONAVIRUS\\\/COVID&#8221;\"}]},{\"@type\":\"WebSite\",\"@id\":\"https:\\\/\\\/araripe.com.br\\\/#website\",\"url\":\"https:\\\/\\\/araripe.com.br\\\/\",\"name\":\"Araripe\",\"description\":\"Araripe - Advogados\",\"potentialAction\":[{\"@type\":\"SearchAction\",\"target\":{\"@type\":\"EntryPoint\",\"urlTemplate\":\"https:\\\/\\\/araripe.com.br\\\/?s={search_term_string}\"},\"query-input\":{\"@type\":\"PropertyValueSpecification\",\"valueRequired\":true,\"valueName\":\"search_term_string\"}}],\"inLanguage\":\"pt-BR\"},{\"@type\":\"Person\",\"@id\":\"https:\\\/\\\/araripe.com.br\\\/#\\\/schema\\\/person\\\/9d3ca0fa94e61e22ddf0a89422c84dad\",\"name\":\"admin\",\"image\":{\"@type\":\"ImageObject\",\"inLanguage\":\"pt-BR\",\"@id\":\"https:\\\/\\\/secure.gravatar.com\\\/avatar\\\/38aa66fb0bd407be273a35ffc1c48451f2bfbed05942e61eca197ecbbbf89301?s=96&d=mm&r=g\",\"url\":\"https:\\\/\\\/secure.gravatar.com\\\/avatar\\\/38aa66fb0bd407be273a35ffc1c48451f2bfbed05942e61eca197ecbbbf89301?s=96&d=mm&r=g\",\"contentUrl\":\"https:\\\/\\\/secure.gravatar.com\\\/avatar\\\/38aa66fb0bd407be273a35ffc1c48451f2bfbed05942e61eca197ecbbbf89301?s=96&d=mm&r=g\",\"caption\":\"admin\"},\"sameAs\":[\"https:\\\/\\\/araripe.com.br\"],\"url\":\"https:\\\/\\\/araripe.com.br\\\/?author=1\"}]}<\/script>\n<!-- \/ Yoast SEO plugin. -->","yoast_head_json":{"title":"Registro de Marcas com \"CORONAVIRUS\/COVID\" - Araripe","robots":{"index":"index","follow":"follow","max-snippet":"max-snippet:-1","max-image-preview":"max-image-preview:large","max-video-preview":"max-video-preview:-1"},"canonical":"https:\/\/araripe.com.br\/?p=2464","og_locale":"pt_BR","og_type":"article","og_title":"Registro de Marcas com \"CORONAVIRUS\/COVID\" - Araripe","og_description":"O primeiro caso do novo coronav\u00edrus no Brasil foi confirmado em 26 de fevereiro de 2020, em S\u00e3o Paulo [1] e, desde ent\u00e3o, nosso pa\u00eds teve que se readaptar ao chamado por muitos como \u201cnovo normal\u201d. Diante desse novo panorama mundial, novas necessidades e h\u00e1bitos de consumo foram incorporados, fazendo com que muitos empreendedores se [&hellip;]","og_url":"https:\/\/araripe.com.br\/?p=2464","og_site_name":"Araripe","article_published_time":"2021-09-01T17:29:43+00:00","article_modified_time":"2025-02-18T14:11:16+00:00","og_image":[{"width":1920,"height":1080,"url":"https:\/\/araripe.com.br\/wp-content\/uploads\/2021\/09\/banner-registro.jpeg","type":"image\/jpeg"}],"author":"admin","twitter_card":"summary_large_image","twitter_misc":{"Escrito por":"admin","Est. tempo de leitura":"6 minutos"},"schema":{"@context":"https:\/\/schema.org","@graph":[{"@type":"Article","@id":"https:\/\/araripe.com.br\/?p=2464#article","isPartOf":{"@id":"https:\/\/araripe.com.br\/?p=2464"},"author":{"name":"admin","@id":"https:\/\/araripe.com.br\/#\/schema\/person\/9d3ca0fa94e61e22ddf0a89422c84dad"},"headline":"Registro de Marcas com &#8220;CORONAVIRUS\/COVID&#8221;","datePublished":"2021-09-01T17:29:43+00:00","dateModified":"2025-02-18T14:11:16+00:00","mainEntityOfPage":{"@id":"https:\/\/araripe.com.br\/?p=2464"},"wordCount":1076,"image":{"@id":"https:\/\/araripe.com.br\/?p=2464#primaryimage"},"thumbnailUrl":"https:\/\/araripe.com.br\/wp-content\/uploads\/2021\/09\/banner-registro.jpeg","articleSection":["Marca"],"inLanguage":"pt-BR"},{"@type":"WebPage","@id":"https:\/\/araripe.com.br\/?p=2464","url":"https:\/\/araripe.com.br\/?p=2464","name":"Registro de Marcas com \"CORONAVIRUS\/COVID\" - Araripe","isPartOf":{"@id":"https:\/\/araripe.com.br\/#website"},"primaryImageOfPage":{"@id":"https:\/\/araripe.com.br\/?p=2464#primaryimage"},"image":{"@id":"https:\/\/araripe.com.br\/?p=2464#primaryimage"},"thumbnailUrl":"https:\/\/araripe.com.br\/wp-content\/uploads\/2021\/09\/banner-registro.jpeg","datePublished":"2021-09-01T17:29:43+00:00","dateModified":"2025-02-18T14:11:16+00:00","author":{"@id":"https:\/\/araripe.com.br\/#\/schema\/person\/9d3ca0fa94e61e22ddf0a89422c84dad"},"breadcrumb":{"@id":"https:\/\/araripe.com.br\/?p=2464#breadcrumb"},"inLanguage":"pt-BR","potentialAction":[{"@type":"ReadAction","target":["https:\/\/araripe.com.br\/?p=2464"]}]},{"@type":"ImageObject","inLanguage":"pt-BR","@id":"https:\/\/araripe.com.br\/?p=2464#primaryimage","url":"https:\/\/araripe.com.br\/wp-content\/uploads\/2021\/09\/banner-registro.jpeg","contentUrl":"https:\/\/araripe.com.br\/wp-content\/uploads\/2021\/09\/banner-registro.jpeg","width":1920,"height":1080},{"@type":"BreadcrumbList","@id":"https:\/\/araripe.com.br\/?p=2464#breadcrumb","itemListElement":[{"@type":"ListItem","position":1,"name":"In\u00edcio","item":"https:\/\/araripe.com.br\/"},{"@type":"ListItem","position":2,"name":"Registro de Marcas com &#8220;CORONAVIRUS\/COVID&#8221;"}]},{"@type":"WebSite","@id":"https:\/\/araripe.com.br\/#website","url":"https:\/\/araripe.com.br\/","name":"Araripe","description":"Araripe - Advogados","potentialAction":[{"@type":"SearchAction","target":{"@type":"EntryPoint","urlTemplate":"https:\/\/araripe.com.br\/?s={search_term_string}"},"query-input":{"@type":"PropertyValueSpecification","valueRequired":true,"valueName":"search_term_string"}}],"inLanguage":"pt-BR"},{"@type":"Person","@id":"https:\/\/araripe.com.br\/#\/schema\/person\/9d3ca0fa94e61e22ddf0a89422c84dad","name":"admin","image":{"@type":"ImageObject","inLanguage":"pt-BR","@id":"https:\/\/secure.gravatar.com\/avatar\/38aa66fb0bd407be273a35ffc1c48451f2bfbed05942e61eca197ecbbbf89301?s=96&d=mm&r=g","url":"https:\/\/secure.gravatar.com\/avatar\/38aa66fb0bd407be273a35ffc1c48451f2bfbed05942e61eca197ecbbbf89301?s=96&d=mm&r=g","contentUrl":"https:\/\/secure.gravatar.com\/avatar\/38aa66fb0bd407be273a35ffc1c48451f2bfbed05942e61eca197ecbbbf89301?s=96&d=mm&r=g","caption":"admin"},"sameAs":["https:\/\/araripe.com.br"],"url":"https:\/\/araripe.com.br\/?author=1"}]}},"_links":{"self":[{"href":"https:\/\/araripe.com.br\/index.php?rest_route=\/wp\/v2\/posts\/2464","targetHints":{"allow":["GET"]}}],"collection":[{"href":"https:\/\/araripe.com.br\/index.php?rest_route=\/wp\/v2\/posts"}],"about":[{"href":"https:\/\/araripe.com.br\/index.php?rest_route=\/wp\/v2\/types\/post"}],"author":[{"embeddable":true,"href":"https:\/\/araripe.com.br\/index.php?rest_route=\/wp\/v2\/users\/1"}],"replies":[{"embeddable":true,"href":"https:\/\/araripe.com.br\/index.php?rest_route=%2Fwp%2Fv2%2Fcomments&post=2464"}],"version-history":[{"count":0,"href":"https:\/\/araripe.com.br\/index.php?rest_route=\/wp\/v2\/posts\/2464\/revisions"}],"wp:featuredmedia":[{"embeddable":true,"href":"https:\/\/araripe.com.br\/index.php?rest_route=\/wp\/v2\/media\/2494"}],"wp:attachment":[{"href":"https:\/\/araripe.com.br\/index.php?rest_route=%2Fwp%2Fv2%2Fmedia&parent=2464"}],"wp:term":[{"taxonomy":"category","embeddable":true,"href":"https:\/\/araripe.com.br\/index.php?rest_route=%2Fwp%2Fv2%2Fcategories&post=2464"},{"taxonomy":"post_tag","embeddable":true,"href":"https:\/\/araripe.com.br\/index.php?rest_route=%2Fwp%2Fv2%2Ftags&post=2464"}],"curies":[{"name":"wp","href":"https:\/\/api.w.org\/{rel}","templated":true}]}}